{"id":9585,"date":"2019-10-28T00:00:00","date_gmt":"2019-10-27T23:00:00","guid":{"rendered":"https:\/\/nexvision.dev\/2023\/10\/nexvision-interviendra-lors-dune-conference-dans-le-cadre-de-latelier-space-and-scientific-cmos-image-sensors\/"},"modified":"2023-10-16T18:35:34","modified_gmt":"2023-10-16T16:35:34","slug":"nexvision-interviendra-lors-dune-conference-dans-le-cadre-de-latelier-space-and-scientific-cmos-image-sensors","status":"publish","type":"post","link":"https:\/\/nexvision.fr\/fr\/2019\/10\/nexvision-interviendra-lors-dune-conference-dans-le-cadre-de-latelier-space-and-scientific-cmos-image-sensors\/","title":{"rendered":"Nexvision interviendra lors d&rsquo;une conf\u00e9rence dans le cadre de l&rsquo;atelier \u00ab\u00a0Space and Scientific CMOS Image Sensors\u00a0\u00bb"},"content":{"rendered":"<p>Nexvision sea pr\u00e9sent lors d&rsquo;une conf\u00e9rence \u00e0 Toulouse les 26 et 27 novembre prochains dans le cadre de l&rsquo;atelier \u00ab\u00a0Space and Scientific CMOS Image Sensors\u00a0\u00bb, organis\u00e9 par le CNES COMET.<\/p>\n<p>Au cours de ces 2 jours de conf\u00e9rences scientifiques, o\u00f9 27 conf\u00e9rences se succ\u00e8deront, nos travaux sur \u00ab\u00a0<strong>DARWIN-CU : Une d\u00e9monstration de traitement d&rsquo;image embarqu\u00e9 \u00e0 grande vitesse bas\u00e9e sur des capteurs d&rsquo;image CMOS standard<\/strong>\u00a0\u00bb seront pr\u00e9sent\u00e9s.<\/p>\n<p>Pour s&rsquo;inscrire : https:\/\/bit.ly\/2C0bv49<\/p>\n<p><img fetchpriority=\"high\" decoding=\"async\" class=\"aligncenter size-full wp-image-8279\" src=\"https:\/\/nexvision.fr\/wp-content\/uploads\/2023\/10\/worshop_CNES_COMET.png\" alt=\"\" width=\"933\" height=\"950\" \/><\/p>\n","protected":false},"excerpt":{"rendered":"<p>Nexvision sea pr\u00e9sent lors d&rsquo;une conf\u00e9rence \u00e0 Toulouse les 26 et 27 novembre prochains dans le cadre de l&rsquo;atelier \u00ab\u00a0Space and Scientific CMOS Image Sensors\u00a0\u00bb, organis\u00e9 par le CNES COMET. Au cours de ces 2 jours de conf\u00e9rences scientifiques, o\u00f9 27 conf\u00e9rences se succ\u00e8deront, nos travaux sur \u00ab\u00a0DARWIN-CU : Une d\u00e9monstration de traitement d&rsquo;image embarqu\u00e9 [&hellip;]<\/p>\n","protected":false},"author":1,"featured_media":9492,"comment_status":"open","ping_status":"open","sticky":false,"template":"","format":"standard","meta":{"_acf_changed":false,"inline_featured_image":false,"_monsterinsights_skip_tracking":false,"_monsterinsights_sitenote_active":false,"_monsterinsights_sitenote_note":"","_monsterinsights_sitenote_category":0,"footnotes":""},"categories":[206],"tags":[],"class_list":["post-9585","post","type-post","status-publish","format-standard","has-post-thumbnail","hentry","category-evenements"],"acf":[],"yoast_head":"<!-- This site is optimized with the Yoast SEO plugin v27.2 - https:\/\/yoast.com\/product\/yoast-seo-wordpress\/ -->\n<title>Conf\u00e9rence &quot;Space and Scientific CMOS Image Sensors&quot;<\/title>\n<meta name=\"description\" content=\"Nexvision interviendra lors d&#039;une conf\u00e9rence dans le cadre de l&#039;atelier &quot;Space and Scientific CMOS Image Sensors&quot;\" \/>\n<meta name=\"robots\" content=\"index, follow, max-snippet:-1, max-image-preview:large, max-video-preview:-1\" \/>\n<link rel=\"canonical\" href=\"https:\/\/nexvision.fr\/2019\/10\/nexvision-will-speak-at-a-conference-at-the-space-and-scientific-cmos-image-sensors-workshop\/\" \/>\n<meta property=\"og:locale\" content=\"fr_FR\" \/>\n<meta property=\"og:type\" content=\"article\" \/>\n<meta property=\"og:title\" content=\"Conf\u00e9rence &quot;Space and Scientific CMOS Image Sensors&quot;\" \/>\n<meta property=\"og:description\" content=\"Nexvision interviendra lors d&#039;une conf\u00e9rence dans le cadre de l&#039;atelier &quot;Space and Scientific CMOS Image Sensors&quot;\" \/>\n<meta property=\"og:url\" content=\"https:\/\/nexvision.fr\/2019\/10\/nexvision-will-speak-at-a-conference-at-the-space-and-scientific-cmos-image-sensors-workshop\/\" \/>\n<meta property=\"og:site_name\" content=\"NEXVISION\" \/>\n<meta property=\"article:published_time\" content=\"2019-10-27T23:00:00+00:00\" \/>\n<meta property=\"article:modified_time\" content=\"2023-10-16T16:35:34+00:00\" \/>\n<meta property=\"og:image\" content=\"https:\/\/nexvision.fr\/wp-content\/uploads\/2023\/10\/worshop_CNES_COMET.png\" \/>\n\t<meta property=\"og:image:width\" content=\"933\" \/>\n\t<meta property=\"og:image:height\" content=\"950\" \/>\n\t<meta property=\"og:image:type\" content=\"image\/png\" \/>\n<meta name=\"author\" content=\"laurent.ammazini\" \/>\n<meta name=\"twitter:card\" content=\"summary_large_image\" \/>\n<meta name=\"twitter:label1\" content=\"\u00c9crit par\" \/>\n\t<meta name=\"twitter:data1\" content=\"laurent.ammazini\" \/>\n<script type=\"application\/ld+json\" class=\"yoast-schema-graph\">{\"@context\":\"https:\/\/schema.org\",\"@graph\":[{\"@type\":\"Article\",\"@id\":\"https:\/\/nexvision.fr\/2019\/10\/nexvision-will-speak-at-a-conference-at-the-space-and-scientific-cmos-image-sensors-workshop\/#article\",\"isPartOf\":{\"@id\":\"https:\/\/nexvision.fr\/2019\/10\/nexvision-will-speak-at-a-conference-at-the-space-and-scientific-cmos-image-sensors-workshop\/\"},\"author\":{\"name\":\"laurent.ammazini\",\"@id\":\"https:\/\/nexvision.fr\/#\/schema\/person\/773967dd61e298e4c34eaddfeffc2c25\"},\"headline\":\"Nexvision interviendra lors d&rsquo;une conf\u00e9rence dans le cadre de l&rsquo;atelier \u00ab\u00a0Space and Scientific CMOS Image Sensors\u00a0\u00bb\",\"datePublished\":\"2019-10-27T23:00:00+00:00\",\"dateModified\":\"2023-10-16T16:35:34+00:00\",\"mainEntityOfPage\":{\"@id\":\"https:\/\/nexvision.fr\/2019\/10\/nexvision-will-speak-at-a-conference-at-the-space-and-scientific-cmos-image-sensors-workshop\/\"},\"wordCount\":100,\"commentCount\":0,\"publisher\":{\"@id\":\"https:\/\/nexvision.fr\/#organization\"},\"image\":{\"@id\":\"https:\/\/nexvision.fr\/2019\/10\/nexvision-will-speak-at-a-conference-at-the-space-and-scientific-cmos-image-sensors-workshop\/#primaryimage\"},\"thumbnailUrl\":\"https:\/\/nexvision.fr\/wp-content\/uploads\/2023\/10\/worshop_CNES_COMET.png\",\"articleSection\":[\"?v?nements\"],\"inLanguage\":\"fr-FR\",\"potentialAction\":[{\"@type\":\"CommentAction\",\"name\":\"Comment\",\"target\":[\"https:\/\/nexvision.fr\/2019\/10\/nexvision-will-speak-at-a-conference-at-the-space-and-scientific-cmos-image-sensors-workshop\/#respond\"]}]},{\"@type\":\"WebPage\",\"@id\":\"https:\/\/nexvision.fr\/2019\/10\/nexvision-will-speak-at-a-conference-at-the-space-and-scientific-cmos-image-sensors-workshop\/\",\"url\":\"https:\/\/nexvision.fr\/2019\/10\/nexvision-will-speak-at-a-conference-at-the-space-and-scientific-cmos-image-sensors-workshop\/\",\"name\":\"Conf\u00e9rence \\\"Space and Scientific CMOS Image Sensors\\\"\",\"isPartOf\":{\"@id\":\"https:\/\/nexvision.fr\/#website\"},\"primaryImageOfPage\":{\"@id\":\"https:\/\/nexvision.fr\/2019\/10\/nexvision-will-speak-at-a-conference-at-the-space-and-scientific-cmos-image-sensors-workshop\/#primaryimage\"},\"image\":{\"@id\":\"https:\/\/nexvision.fr\/2019\/10\/nexvision-will-speak-at-a-conference-at-the-space-and-scientific-cmos-image-sensors-workshop\/#primaryimage\"},\"thumbnailUrl\":\"https:\/\/nexvision.fr\/wp-content\/uploads\/2023\/10\/worshop_CNES_COMET.png\",\"datePublished\":\"2019-10-27T23:00:00+00:00\",\"dateModified\":\"2023-10-16T16:35:34+00:00\",\"description\":\"Nexvision interviendra lors d'une conf\u00e9rence dans le cadre de l'atelier \\\"Space and Scientific CMOS Image Sensors\\\"\",\"breadcrumb\":{\"@id\":\"https:\/\/nexvision.fr\/2019\/10\/nexvision-will-speak-at-a-conference-at-the-space-and-scientific-cmos-image-sensors-workshop\/#breadcrumb\"},\"inLanguage\":\"fr-FR\",\"potentialAction\":[{\"@type\":\"ReadAction\",\"target\":[\"https:\/\/nexvision.fr\/2019\/10\/nexvision-will-speak-at-a-conference-at-the-space-and-scientific-cmos-image-sensors-workshop\/\"]}]},{\"@type\":\"ImageObject\",\"inLanguage\":\"fr-FR\",\"@id\":\"https:\/\/nexvision.fr\/2019\/10\/nexvision-will-speak-at-a-conference-at-the-space-and-scientific-cmos-image-sensors-workshop\/#primaryimage\",\"url\":\"https:\/\/nexvision.fr\/wp-content\/uploads\/2023\/10\/worshop_CNES_COMET.png\",\"contentUrl\":\"https:\/\/nexvision.fr\/wp-content\/uploads\/2023\/10\/worshop_CNES_COMET.png\",\"width\":933,\"height\":950},{\"@type\":\"BreadcrumbList\",\"@id\":\"https:\/\/nexvision.fr\/2019\/10\/nexvision-will-speak-at-a-conference-at-the-space-and-scientific-cmos-image-sensors-workshop\/#breadcrumb\",\"itemListElement\":[{\"@type\":\"ListItem\",\"position\":1,\"name\":\"Home\",\"item\":\"https:\/\/nexvision.fr\/fr\/accueil\/\"},{\"@type\":\"ListItem\",\"position\":2,\"name\":\"Nexvision interviendra lors d&#8217;une conf\u00e9rence dans le cadre de l&#8217;atelier &#8220;Space and Scientific CMOS Image Sensors&#8221;\"}]},{\"@type\":\"WebSite\",\"@id\":\"https:\/\/nexvision.fr\/#website\",\"url\":\"https:\/\/nexvision.fr\/\",\"name\":\"NEXVISION\",\"description\":\"Vision solution : optronic system UV night SWIR LWIR Terahertz\",\"publisher\":{\"@id\":\"https:\/\/nexvision.fr\/#organization\"},\"potentialAction\":[{\"@type\":\"SearchAction\",\"target\":{\"@type\":\"EntryPoint\",\"urlTemplate\":\"https:\/\/nexvision.fr\/?s={search_term_string}\"},\"query-input\":{\"@type\":\"PropertyValueSpecification\",\"valueRequired\":true,\"valueName\":\"search_term_string\"}}],\"inLanguage\":\"fr-FR\"},{\"@type\":\"Organization\",\"@id\":\"https:\/\/nexvision.fr\/#organization\",\"name\":\"NEXVISION\",\"url\":\"https:\/\/nexvision.fr\/\",\"logo\":{\"@type\":\"ImageObject\",\"inLanguage\":\"fr-FR\",\"@id\":\"https:\/\/nexvision.fr\/#\/schema\/logo\/image\/\",\"url\":\"https:\/\/nexvision.fr\/wp-content\/uploads\/2025\/10\/LogoNexvision696px.png\",\"contentUrl\":\"https:\/\/nexvision.fr\/wp-content\/uploads\/2025\/10\/LogoNexvision696px.png\",\"width\":696,\"height\":696,\"caption\":\"NEXVISION\"},\"image\":{\"@id\":\"https:\/\/nexvision.fr\/#\/schema\/logo\/image\/\"}},{\"@type\":\"Person\",\"@id\":\"https:\/\/nexvision.fr\/#\/schema\/person\/773967dd61e298e4c34eaddfeffc2c25\",\"name\":\"laurent.ammazini\",\"sameAs\":[\"https:\/\/nexvision.fr\"]}]}<\/script>\n<!-- \/ Yoast SEO plugin. -->","yoast_head_json":{"title":"Conf\u00e9rence \"Space and Scientific CMOS Image Sensors\"","description":"Nexvision interviendra lors d'une conf\u00e9rence dans le cadre de l'atelier \"Space and Scientific CMOS Image Sensors\"","robots":{"index":"index","follow":"follow","max-snippet":"max-snippet:-1","max-image-preview":"max-image-preview:large","max-video-preview":"max-video-preview:-1"},"canonical":"https:\/\/nexvision.fr\/2019\/10\/nexvision-will-speak-at-a-conference-at-the-space-and-scientific-cmos-image-sensors-workshop\/","og_locale":"fr_FR","og_type":"article","og_title":"Conf\u00e9rence \"Space and Scientific CMOS Image Sensors\"","og_description":"Nexvision interviendra lors d'une conf\u00e9rence dans le cadre de l'atelier \"Space and Scientific CMOS Image Sensors\"","og_url":"https:\/\/nexvision.fr\/2019\/10\/nexvision-will-speak-at-a-conference-at-the-space-and-scientific-cmos-image-sensors-workshop\/","og_site_name":"NEXVISION","article_published_time":"2019-10-27T23:00:00+00:00","article_modified_time":"2023-10-16T16:35:34+00:00","og_image":[{"width":933,"height":950,"url":"https:\/\/nexvision.fr\/wp-content\/uploads\/2023\/10\/worshop_CNES_COMET.png","type":"image\/png"}],"author":"laurent.ammazini","twitter_card":"summary_large_image","twitter_misc":{"\u00c9crit par":"laurent.ammazini"},"schema":{"@context":"https:\/\/schema.org","@graph":[{"@type":"Article","@id":"https:\/\/nexvision.fr\/2019\/10\/nexvision-will-speak-at-a-conference-at-the-space-and-scientific-cmos-image-sensors-workshop\/#article","isPartOf":{"@id":"https:\/\/nexvision.fr\/2019\/10\/nexvision-will-speak-at-a-conference-at-the-space-and-scientific-cmos-image-sensors-workshop\/"},"author":{"name":"laurent.ammazini","@id":"https:\/\/nexvision.fr\/#\/schema\/person\/773967dd61e298e4c34eaddfeffc2c25"},"headline":"Nexvision interviendra lors d&rsquo;une conf\u00e9rence dans le cadre de l&rsquo;atelier \u00ab\u00a0Space and Scientific CMOS Image Sensors\u00a0\u00bb","datePublished":"2019-10-27T23:00:00+00:00","dateModified":"2023-10-16T16:35:34+00:00","mainEntityOfPage":{"@id":"https:\/\/nexvision.fr\/2019\/10\/nexvision-will-speak-at-a-conference-at-the-space-and-scientific-cmos-image-sensors-workshop\/"},"wordCount":100,"commentCount":0,"publisher":{"@id":"https:\/\/nexvision.fr\/#organization"},"image":{"@id":"https:\/\/nexvision.fr\/2019\/10\/nexvision-will-speak-at-a-conference-at-the-space-and-scientific-cmos-image-sensors-workshop\/#primaryimage"},"thumbnailUrl":"https:\/\/nexvision.fr\/wp-content\/uploads\/2023\/10\/worshop_CNES_COMET.png","articleSection":["?v?nements"],"inLanguage":"fr-FR","potentialAction":[{"@type":"CommentAction","name":"Comment","target":["https:\/\/nexvision.fr\/2019\/10\/nexvision-will-speak-at-a-conference-at-the-space-and-scientific-cmos-image-sensors-workshop\/#respond"]}]},{"@type":"WebPage","@id":"https:\/\/nexvision.fr\/2019\/10\/nexvision-will-speak-at-a-conference-at-the-space-and-scientific-cmos-image-sensors-workshop\/","url":"https:\/\/nexvision.fr\/2019\/10\/nexvision-will-speak-at-a-conference-at-the-space-and-scientific-cmos-image-sensors-workshop\/","name":"Conf\u00e9rence \"Space and Scientific CMOS Image Sensors\"","isPartOf":{"@id":"https:\/\/nexvision.fr\/#website"},"primaryImageOfPage":{"@id":"https:\/\/nexvision.fr\/2019\/10\/nexvision-will-speak-at-a-conference-at-the-space-and-scientific-cmos-image-sensors-workshop\/#primaryimage"},"image":{"@id":"https:\/\/nexvision.fr\/2019\/10\/nexvision-will-speak-at-a-conference-at-the-space-and-scientific-cmos-image-sensors-workshop\/#primaryimage"},"thumbnailUrl":"https:\/\/nexvision.fr\/wp-content\/uploads\/2023\/10\/worshop_CNES_COMET.png","datePublished":"2019-10-27T23:00:00+00:00","dateModified":"2023-10-16T16:35:34+00:00","description":"Nexvision interviendra lors d'une conf\u00e9rence dans le cadre de l'atelier \"Space and Scientific CMOS Image Sensors\"","breadcrumb":{"@id":"https:\/\/nexvision.fr\/2019\/10\/nexvision-will-speak-at-a-conference-at-the-space-and-scientific-cmos-image-sensors-workshop\/#breadcrumb"},"inLanguage":"fr-FR","potentialAction":[{"@type":"ReadAction","target":["https:\/\/nexvision.fr\/2019\/10\/nexvision-will-speak-at-a-conference-at-the-space-and-scientific-cmos-image-sensors-workshop\/"]}]},{"@type":"ImageObject","inLanguage":"fr-FR","@id":"https:\/\/nexvision.fr\/2019\/10\/nexvision-will-speak-at-a-conference-at-the-space-and-scientific-cmos-image-sensors-workshop\/#primaryimage","url":"https:\/\/nexvision.fr\/wp-content\/uploads\/2023\/10\/worshop_CNES_COMET.png","contentUrl":"https:\/\/nexvision.fr\/wp-content\/uploads\/2023\/10\/worshop_CNES_COMET.png","width":933,"height":950},{"@type":"BreadcrumbList","@id":"https:\/\/nexvision.fr\/2019\/10\/nexvision-will-speak-at-a-conference-at-the-space-and-scientific-cmos-image-sensors-workshop\/#breadcrumb","itemListElement":[{"@type":"ListItem","position":1,"name":"Home","item":"https:\/\/nexvision.fr\/fr\/accueil\/"},{"@type":"ListItem","position":2,"name":"Nexvision interviendra lors d&#8217;une conf\u00e9rence dans le cadre de l&#8217;atelier &#8220;Space and Scientific CMOS Image Sensors&#8221;"}]},{"@type":"WebSite","@id":"https:\/\/nexvision.fr\/#website","url":"https:\/\/nexvision.fr\/","name":"NEXVISION","description":"Vision solution : optronic system UV night SWIR LWIR Terahertz","publisher":{"@id":"https:\/\/nexvision.fr\/#organization"},"potentialAction":[{"@type":"SearchAction","target":{"@type":"EntryPoint","urlTemplate":"https:\/\/nexvision.fr\/?s={search_term_string}"},"query-input":{"@type":"PropertyValueSpecification","valueRequired":true,"valueName":"search_term_string"}}],"inLanguage":"fr-FR"},{"@type":"Organization","@id":"https:\/\/nexvision.fr\/#organization","name":"NEXVISION","url":"https:\/\/nexvision.fr\/","logo":{"@type":"ImageObject","inLanguage":"fr-FR","@id":"https:\/\/nexvision.fr\/#\/schema\/logo\/image\/","url":"https:\/\/nexvision.fr\/wp-content\/uploads\/2025\/10\/LogoNexvision696px.png","contentUrl":"https:\/\/nexvision.fr\/wp-content\/uploads\/2025\/10\/LogoNexvision696px.png","width":696,"height":696,"caption":"NEXVISION"},"image":{"@id":"https:\/\/nexvision.fr\/#\/schema\/logo\/image\/"}},{"@type":"Person","@id":"https:\/\/nexvision.fr\/#\/schema\/person\/773967dd61e298e4c34eaddfeffc2c25","name":"laurent.ammazini","sameAs":["https:\/\/nexvision.fr"]}]}},"_links":{"self":[{"href":"https:\/\/nexvision.fr\/fr\/wp-json\/wp\/v2\/posts\/9585","targetHints":{"allow":["GET"]}}],"collection":[{"href":"https:\/\/nexvision.fr\/fr\/wp-json\/wp\/v2\/posts"}],"about":[{"href":"https:\/\/nexvision.fr\/fr\/wp-json\/wp\/v2\/types\/post"}],"author":[{"embeddable":true,"href":"https:\/\/nexvision.fr\/fr\/wp-json\/wp\/v2\/users\/1"}],"replies":[{"embeddable":true,"href":"https:\/\/nexvision.fr\/fr\/wp-json\/wp\/v2\/comments?post=9585"}],"version-history":[{"count":1,"href":"https:\/\/nexvision.fr\/fr\/wp-json\/wp\/v2\/posts\/9585\/revisions"}],"predecessor-version":[{"id":9586,"href":"https:\/\/nexvision.fr\/fr\/wp-json\/wp\/v2\/posts\/9585\/revisions\/9586"}],"wp:featuredmedia":[{"embeddable":true,"href":"https:\/\/nexvision.fr\/fr\/wp-json\/wp\/v2\/media\/9492"}],"wp:attachment":[{"href":"https:\/\/nexvision.fr\/fr\/wp-json\/wp\/v2\/media?parent=9585"}],"wp:term":[{"taxonomy":"category","embeddable":true,"href":"https:\/\/nexvision.fr\/fr\/wp-json\/wp\/v2\/categories?post=9585"},{"taxonomy":"post_tag","embeddable":true,"href":"https:\/\/nexvision.fr\/fr\/wp-json\/wp\/v2\/tags?post=9585"}],"curies":[{"name":"wp","href":"https:\/\/api.w.org\/{rel}","templated":true}]}}