{"id":9591,"date":"2022-01-03T00:00:00","date_gmt":"2022-01-02T23:00:00","guid":{"rendered":"https:\/\/nexvision.dev\/2022\/03\/appel-doffre-projet-ilidar\/"},"modified":"2023-10-16T18:35:34","modified_gmt":"2023-10-16T16:35:34","slug":"appel-doffre-projet-ilidar","status":"publish","type":"post","link":"https:\/\/nexvision.fr\/fr\/2022\/01\/appel-doffre-projet-ilidar\/","title":{"rendered":"Appel d&rsquo;offre : projet iLIDAR"},"content":{"rendered":"<p><img fetchpriority=\"high\" decoding=\"async\" class=\"aligncenter wp-image-8819 size-full\" src=\"https:\/\/nexvision.fr\/wp-content\/uploads\/2023\/10\/LogoFederRegion-2023.jpg\" alt=\"\" width=\"700\" height=\"280\"><\/p>\n<p>Dans le cadre d&rsquo;un projet FEDER d&rsquo;Imaging Lidar (ILIDAR), Nexvision recherche une soci\u00e9t\u00e9 d&rsquo;opto\u00e9lectronique et d&rsquo;optique pour effectuer les diff\u00e9rentes t\u00e2ches suivantes :<\/p>\n<h2>Mission de conseil<\/h2>\n<p>Une mission de conseil en ing\u00e9nierie, pour de la conception \u00e9lectronique et software embarqu\u00e9 bas niveau sur un projet de lidar\/photonique : alimentation laser puls\u00e9e en bande SWIR, soft de controle-commande synchrone (C\/C++ sur Processeur synth\u00e9tis\u00e9e sur FPGA), mise en oeuvre d&rsquo;un tube intensificateur de lumi\u00e8re et \u00e9ventuellement d&rsquo;un capteur d&rsquo;image HD<\/p>\n<h2>Design de lentille SWIR<\/h2>\n<p>L&rsquo;un des principaux \u00e9l\u00e9ments optiques de ce projet est la lentille d&rsquo;entr\u00e9e. Cette lentille doit avoir les caract\u00e9ristiques suivantes :<\/p>\n<h2><img decoding=\"async\" class=\"wp-image-8692 size-medium alignnone\" src=\"https:\/\/nexvision.fr\/wp-content\/uploads\/2023\/10\/i-Lidar_characteristic1-300x202.jpg\" alt=\"\" width=\"300\" height=\"202\"><\/h2>\n<h2>&nbsp;<\/h2>\n<h2>Module laser puls\u00e9 1.55\u00b5m avec zoom motoris\u00e9<\/h2>\n<p>Pour \u00e9clairer la sc\u00e8ne, nous avons besoin d&rsquo;un module laser puls\u00e9 de 10 KHz \u00e0 1,55\u00b5m avec une puissance de sortie de 0,5 \u00e0 10mJ. Le faisceau laser doit avoir un champ de vision de 6\u00b0 avec une homog\u00e9n\u00e9it\u00e9 jusqu&rsquo;\u00e0 90%. Une entr\u00e9e de d\u00e9clenchement externe doit \u00eatre incluse.<\/p>\n<h2>Lentille de relais<\/h2>\n<p>Un autre \u00e9l\u00e9ment optique principal est la lentille relais entre un tube intensificateur d&rsquo;image et un capteur CMOS. Cette lentille a soit les caract\u00e9ristiques suivantes :<\/p>\n<h2><img decoding=\"async\" class=\"size-medium wp-image-8694 alignnone\" src=\"https:\/\/nexvision.fr\/wp-content\/uploads\/2023\/10\/i-Lidar_characteristic2-300x175.jpg\" alt=\"\" width=\"300\" height=\"175\"><\/h2>\n<h2>&nbsp;<\/h2>\n<h2>Concentrateur 25-1<\/h2>\n<p>Le dernier \u00e9l\u00e9ment optique, c&rsquo;est un concentrateur optique 25 \u00e0 1 :<\/p>\n<p><img loading=\"lazy\" decoding=\"async\" class=\"size-medium wp-image-8696 alignnone\" src=\"https:\/\/nexvision.fr\/wp-content\/uploads\/2023\/10\/i-Lidar_characteristic3-300x141.jpg\" alt=\"\" width=\"300\" height=\"141\"><\/p>\n<p><em>Les entreprises souhaitant se porter candidates devront nous faire parvenir leur offre commerciale au plus tard le 25 f\u00e9vrier 2022.<\/em><\/p>\n","protected":false},"excerpt":{"rendered":"<p>Dans le cadre d&rsquo;un projet FEDER d&rsquo;Imaging Lidar (ILIDAR), Nexvision recherche une soci\u00e9t\u00e9 d&rsquo;opto\u00e9lectronique et d&rsquo;optique pour effectuer les diff\u00e9rentes t\u00e2ches suivantes : Mission de conseil Une mission de conseil en ing\u00e9nierie, pour de la conception \u00e9lectronique et software embarqu\u00e9 bas niveau sur un projet de lidar\/photonique : alimentation laser puls\u00e9e en bande SWIR, soft [&hellip;]<\/p>\n","protected":false},"author":1,"featured_media":9288,"comment_status":"open","ping_status":"open","sticky":false,"template":"","format":"standard","meta":{"_acf_changed":false,"inline_featured_image":false,"_monsterinsights_skip_tracking":false,"_monsterinsights_sitenote_active":false,"_monsterinsights_sitenote_note":"","_monsterinsights_sitenote_category":0,"footnotes":""},"categories":[199],"tags":[],"class_list":["post-9591","post","type-post","status-publish","format-standard","has-post-thumbnail","hentry","category-nex"],"acf":[],"yoast_head":"<!-- This site is optimized with the Yoast SEO plugin v27.2 - https:\/\/yoast.com\/product\/yoast-seo-wordpress\/ -->\n<title>Appel d&#039;offre : projet iLIDAR<\/title>\n<meta name=\"description\" content=\"Appel d&#039;offre : projet iLIDAR\" \/>\n<meta name=\"robots\" content=\"index, follow, max-snippet:-1, max-image-preview:large, max-video-preview:-1\" \/>\n<link rel=\"canonical\" href=\"https:\/\/nexvision.fr\/2022\/01\/call-for-tender-i-lidar-project\/\" \/>\n<meta property=\"og:locale\" content=\"fr_FR\" \/>\n<meta property=\"og:type\" content=\"article\" \/>\n<meta property=\"og:title\" content=\"Appel d&#039;offre : projet iLIDAR\" \/>\n<meta property=\"og:description\" content=\"Appel d&#039;offre : projet iLIDAR\" \/>\n<meta property=\"og:url\" content=\"https:\/\/nexvision.fr\/2022\/01\/call-for-tender-i-lidar-project\/\" \/>\n<meta property=\"og:site_name\" content=\"NEXVISION\" \/>\n<meta property=\"article:published_time\" content=\"2022-01-02T23:00:00+00:00\" \/>\n<meta property=\"article:modified_time\" content=\"2023-10-16T16:35:34+00:00\" \/>\n<meta property=\"og:image\" content=\"https:\/\/nexvision.fr\/wp-content\/uploads\/2023\/10\/i-Lidar_characteristic1.jpg\" \/>\n\t<meta property=\"og:image:width\" content=\"832\" \/>\n\t<meta property=\"og:image:height\" content=\"560\" \/>\n\t<meta property=\"og:image:type\" content=\"image\/jpeg\" \/>\n<meta name=\"author\" content=\"laurent.ammazini\" \/>\n<meta name=\"twitter:card\" content=\"summary_large_image\" \/>\n<meta name=\"twitter:label1\" content=\"\u00c9crit par\" \/>\n\t<meta name=\"twitter:data1\" content=\"laurent.ammazini\" \/>\n\t<meta name=\"twitter:label2\" content=\"Dur\u00e9e de lecture estim\u00e9e\" \/>\n\t<meta name=\"twitter:data2\" content=\"1 minute\" \/>\n<script type=\"application\/ld+json\" class=\"yoast-schema-graph\">{\"@context\":\"https:\/\/schema.org\",\"@graph\":[{\"@type\":\"Article\",\"@id\":\"https:\/\/nexvision.fr\/2022\/01\/call-for-tender-i-lidar-project\/#article\",\"isPartOf\":{\"@id\":\"https:\/\/nexvision.fr\/2022\/01\/call-for-tender-i-lidar-project\/\"},\"author\":{\"name\":\"laurent.ammazini\",\"@id\":\"https:\/\/nexvision.fr\/#\/schema\/person\/773967dd61e298e4c34eaddfeffc2c25\"},\"headline\":\"Appel d&rsquo;offre : projet iLIDAR\",\"datePublished\":\"2022-01-02T23:00:00+00:00\",\"dateModified\":\"2023-10-16T16:35:34+00:00\",\"mainEntityOfPage\":{\"@id\":\"https:\/\/nexvision.fr\/2022\/01\/call-for-tender-i-lidar-project\/\"},\"wordCount\":247,\"commentCount\":0,\"publisher\":{\"@id\":\"https:\/\/nexvision.fr\/#organization\"},\"image\":{\"@id\":\"https:\/\/nexvision.fr\/2022\/01\/call-for-tender-i-lidar-project\/#primaryimage\"},\"thumbnailUrl\":\"https:\/\/nexvision.fr\/wp-content\/uploads\/2023\/10\/i-Lidar_characteristic1.jpg\",\"articleSection\":[\"Nex inside\"],\"inLanguage\":\"fr-FR\",\"potentialAction\":[{\"@type\":\"CommentAction\",\"name\":\"Comment\",\"target\":[\"https:\/\/nexvision.fr\/2022\/01\/call-for-tender-i-lidar-project\/#respond\"]}]},{\"@type\":\"WebPage\",\"@id\":\"https:\/\/nexvision.fr\/2022\/01\/call-for-tender-i-lidar-project\/\",\"url\":\"https:\/\/nexvision.fr\/2022\/01\/call-for-tender-i-lidar-project\/\",\"name\":\"Appel d'offre : projet iLIDAR\",\"isPartOf\":{\"@id\":\"https:\/\/nexvision.fr\/#website\"},\"primaryImageOfPage\":{\"@id\":\"https:\/\/nexvision.fr\/2022\/01\/call-for-tender-i-lidar-project\/#primaryimage\"},\"image\":{\"@id\":\"https:\/\/nexvision.fr\/2022\/01\/call-for-tender-i-lidar-project\/#primaryimage\"},\"thumbnailUrl\":\"https:\/\/nexvision.fr\/wp-content\/uploads\/2023\/10\/i-Lidar_characteristic1.jpg\",\"datePublished\":\"2022-01-02T23:00:00+00:00\",\"dateModified\":\"2023-10-16T16:35:34+00:00\",\"description\":\"Appel d'offre : projet iLIDAR\",\"breadcrumb\":{\"@id\":\"https:\/\/nexvision.fr\/2022\/01\/call-for-tender-i-lidar-project\/#breadcrumb\"},\"inLanguage\":\"fr-FR\",\"potentialAction\":[{\"@type\":\"ReadAction\",\"target\":[\"https:\/\/nexvision.fr\/2022\/01\/call-for-tender-i-lidar-project\/\"]}]},{\"@type\":\"ImageObject\",\"inLanguage\":\"fr-FR\",\"@id\":\"https:\/\/nexvision.fr\/2022\/01\/call-for-tender-i-lidar-project\/#primaryimage\",\"url\":\"https:\/\/nexvision.fr\/wp-content\/uploads\/2023\/10\/i-Lidar_characteristic1.jpg\",\"contentUrl\":\"https:\/\/nexvision.fr\/wp-content\/uploads\/2023\/10\/i-Lidar_characteristic1.jpg\",\"width\":832,\"height\":560},{\"@type\":\"BreadcrumbList\",\"@id\":\"https:\/\/nexvision.fr\/2022\/01\/call-for-tender-i-lidar-project\/#breadcrumb\",\"itemListElement\":[{\"@type\":\"ListItem\",\"position\":1,\"name\":\"Home\",\"item\":\"https:\/\/nexvision.fr\/fr\/accueil\/\"},{\"@type\":\"ListItem\",\"position\":2,\"name\":\"Appel d&#8217;offre : projet iLIDAR\"}]},{\"@type\":\"WebSite\",\"@id\":\"https:\/\/nexvision.fr\/#website\",\"url\":\"https:\/\/nexvision.fr\/\",\"name\":\"NEXVISION\",\"description\":\"Vision solution : optronic system UV night SWIR LWIR Terahertz\",\"publisher\":{\"@id\":\"https:\/\/nexvision.fr\/#organization\"},\"potentialAction\":[{\"@type\":\"SearchAction\",\"target\":{\"@type\":\"EntryPoint\",\"urlTemplate\":\"https:\/\/nexvision.fr\/?s={search_term_string}\"},\"query-input\":{\"@type\":\"PropertyValueSpecification\",\"valueRequired\":true,\"valueName\":\"search_term_string\"}}],\"inLanguage\":\"fr-FR\"},{\"@type\":\"Organization\",\"@id\":\"https:\/\/nexvision.fr\/#organization\",\"name\":\"NEXVISION\",\"url\":\"https:\/\/nexvision.fr\/\",\"logo\":{\"@type\":\"ImageObject\",\"inLanguage\":\"fr-FR\",\"@id\":\"https:\/\/nexvision.fr\/#\/schema\/logo\/image\/\",\"url\":\"https:\/\/nexvision.fr\/wp-content\/uploads\/2025\/10\/LogoNexvision696px.png\",\"contentUrl\":\"https:\/\/nexvision.fr\/wp-content\/uploads\/2025\/10\/LogoNexvision696px.png\",\"width\":696,\"height\":696,\"caption\":\"NEXVISION\"},\"image\":{\"@id\":\"https:\/\/nexvision.fr\/#\/schema\/logo\/image\/\"}},{\"@type\":\"Person\",\"@id\":\"https:\/\/nexvision.fr\/#\/schema\/person\/773967dd61e298e4c34eaddfeffc2c25\",\"name\":\"laurent.ammazini\",\"sameAs\":[\"https:\/\/nexvision.fr\"]}]}<\/script>\n<!-- \/ Yoast SEO plugin. -->","yoast_head_json":{"title":"Appel d'offre : projet iLIDAR","description":"Appel d'offre : projet iLIDAR","robots":{"index":"index","follow":"follow","max-snippet":"max-snippet:-1","max-image-preview":"max-image-preview:large","max-video-preview":"max-video-preview:-1"},"canonical":"https:\/\/nexvision.fr\/2022\/01\/call-for-tender-i-lidar-project\/","og_locale":"fr_FR","og_type":"article","og_title":"Appel d'offre : projet iLIDAR","og_description":"Appel d'offre : projet iLIDAR","og_url":"https:\/\/nexvision.fr\/2022\/01\/call-for-tender-i-lidar-project\/","og_site_name":"NEXVISION","article_published_time":"2022-01-02T23:00:00+00:00","article_modified_time":"2023-10-16T16:35:34+00:00","og_image":[{"width":832,"height":560,"url":"https:\/\/nexvision.fr\/wp-content\/uploads\/2023\/10\/i-Lidar_characteristic1.jpg","type":"image\/jpeg"}],"author":"laurent.ammazini","twitter_card":"summary_large_image","twitter_misc":{"\u00c9crit par":"laurent.ammazini","Dur\u00e9e de lecture estim\u00e9e":"1 minute"},"schema":{"@context":"https:\/\/schema.org","@graph":[{"@type":"Article","@id":"https:\/\/nexvision.fr\/2022\/01\/call-for-tender-i-lidar-project\/#article","isPartOf":{"@id":"https:\/\/nexvision.fr\/2022\/01\/call-for-tender-i-lidar-project\/"},"author":{"name":"laurent.ammazini","@id":"https:\/\/nexvision.fr\/#\/schema\/person\/773967dd61e298e4c34eaddfeffc2c25"},"headline":"Appel d&rsquo;offre : projet iLIDAR","datePublished":"2022-01-02T23:00:00+00:00","dateModified":"2023-10-16T16:35:34+00:00","mainEntityOfPage":{"@id":"https:\/\/nexvision.fr\/2022\/01\/call-for-tender-i-lidar-project\/"},"wordCount":247,"commentCount":0,"publisher":{"@id":"https:\/\/nexvision.fr\/#organization"},"image":{"@id":"https:\/\/nexvision.fr\/2022\/01\/call-for-tender-i-lidar-project\/#primaryimage"},"thumbnailUrl":"https:\/\/nexvision.fr\/wp-content\/uploads\/2023\/10\/i-Lidar_characteristic1.jpg","articleSection":["Nex inside"],"inLanguage":"fr-FR","potentialAction":[{"@type":"CommentAction","name":"Comment","target":["https:\/\/nexvision.fr\/2022\/01\/call-for-tender-i-lidar-project\/#respond"]}]},{"@type":"WebPage","@id":"https:\/\/nexvision.fr\/2022\/01\/call-for-tender-i-lidar-project\/","url":"https:\/\/nexvision.fr\/2022\/01\/call-for-tender-i-lidar-project\/","name":"Appel d'offre : projet iLIDAR","isPartOf":{"@id":"https:\/\/nexvision.fr\/#website"},"primaryImageOfPage":{"@id":"https:\/\/nexvision.fr\/2022\/01\/call-for-tender-i-lidar-project\/#primaryimage"},"image":{"@id":"https:\/\/nexvision.fr\/2022\/01\/call-for-tender-i-lidar-project\/#primaryimage"},"thumbnailUrl":"https:\/\/nexvision.fr\/wp-content\/uploads\/2023\/10\/i-Lidar_characteristic1.jpg","datePublished":"2022-01-02T23:00:00+00:00","dateModified":"2023-10-16T16:35:34+00:00","description":"Appel d'offre : projet iLIDAR","breadcrumb":{"@id":"https:\/\/nexvision.fr\/2022\/01\/call-for-tender-i-lidar-project\/#breadcrumb"},"inLanguage":"fr-FR","potentialAction":[{"@type":"ReadAction","target":["https:\/\/nexvision.fr\/2022\/01\/call-for-tender-i-lidar-project\/"]}]},{"@type":"ImageObject","inLanguage":"fr-FR","@id":"https:\/\/nexvision.fr\/2022\/01\/call-for-tender-i-lidar-project\/#primaryimage","url":"https:\/\/nexvision.fr\/wp-content\/uploads\/2023\/10\/i-Lidar_characteristic1.jpg","contentUrl":"https:\/\/nexvision.fr\/wp-content\/uploads\/2023\/10\/i-Lidar_characteristic1.jpg","width":832,"height":560},{"@type":"BreadcrumbList","@id":"https:\/\/nexvision.fr\/2022\/01\/call-for-tender-i-lidar-project\/#breadcrumb","itemListElement":[{"@type":"ListItem","position":1,"name":"Home","item":"https:\/\/nexvision.fr\/fr\/accueil\/"},{"@type":"ListItem","position":2,"name":"Appel d&#8217;offre : projet iLIDAR"}]},{"@type":"WebSite","@id":"https:\/\/nexvision.fr\/#website","url":"https:\/\/nexvision.fr\/","name":"NEXVISION","description":"Vision solution : optronic system UV night SWIR LWIR Terahertz","publisher":{"@id":"https:\/\/nexvision.fr\/#organization"},"potentialAction":[{"@type":"SearchAction","target":{"@type":"EntryPoint","urlTemplate":"https:\/\/nexvision.fr\/?s={search_term_string}"},"query-input":{"@type":"PropertyValueSpecification","valueRequired":true,"valueName":"search_term_string"}}],"inLanguage":"fr-FR"},{"@type":"Organization","@id":"https:\/\/nexvision.fr\/#organization","name":"NEXVISION","url":"https:\/\/nexvision.fr\/","logo":{"@type":"ImageObject","inLanguage":"fr-FR","@id":"https:\/\/nexvision.fr\/#\/schema\/logo\/image\/","url":"https:\/\/nexvision.fr\/wp-content\/uploads\/2025\/10\/LogoNexvision696px.png","contentUrl":"https:\/\/nexvision.fr\/wp-content\/uploads\/2025\/10\/LogoNexvision696px.png","width":696,"height":696,"caption":"NEXVISION"},"image":{"@id":"https:\/\/nexvision.fr\/#\/schema\/logo\/image\/"}},{"@type":"Person","@id":"https:\/\/nexvision.fr\/#\/schema\/person\/773967dd61e298e4c34eaddfeffc2c25","name":"laurent.ammazini","sameAs":["https:\/\/nexvision.fr"]}]}},"_links":{"self":[{"href":"https:\/\/nexvision.fr\/fr\/wp-json\/wp\/v2\/posts\/9591","targetHints":{"allow":["GET"]}}],"collection":[{"href":"https:\/\/nexvision.fr\/fr\/wp-json\/wp\/v2\/posts"}],"about":[{"href":"https:\/\/nexvision.fr\/fr\/wp-json\/wp\/v2\/types\/post"}],"author":[{"embeddable":true,"href":"https:\/\/nexvision.fr\/fr\/wp-json\/wp\/v2\/users\/1"}],"replies":[{"embeddable":true,"href":"https:\/\/nexvision.fr\/fr\/wp-json\/wp\/v2\/comments?post=9591"}],"version-history":[{"count":1,"href":"https:\/\/nexvision.fr\/fr\/wp-json\/wp\/v2\/posts\/9591\/revisions"}],"predecessor-version":[{"id":9592,"href":"https:\/\/nexvision.fr\/fr\/wp-json\/wp\/v2\/posts\/9591\/revisions\/9592"}],"wp:featuredmedia":[{"embeddable":true,"href":"https:\/\/nexvision.fr\/fr\/wp-json\/wp\/v2\/media\/9288"}],"wp:attachment":[{"href":"https:\/\/nexvision.fr\/fr\/wp-json\/wp\/v2\/media?parent=9591"}],"wp:term":[{"taxonomy":"category","embeddable":true,"href":"https:\/\/nexvision.fr\/fr\/wp-json\/wp\/v2\/categories?post=9591"},{"taxonomy":"post_tag","embeddable":true,"href":"https:\/\/nexvision.fr\/fr\/wp-json\/wp\/v2\/tags?post=9591"}],"curies":[{"name":"wp","href":"https:\/\/api.w.org\/{rel}","templated":true}]}}